{"id":13621,"date":"2021-05-04T13:54:31","date_gmt":"2021-05-04T12:54:31","guid":{"rendered":"https:\/\/www.ovalmedicalcentre.co.uk\/?p=13621"},"modified":"2021-06-15T15:33:27","modified_gmt":"2021-06-15T14:33:27","slug":"quais-sao-as-doencas-mentais-mais-comuns","status":"publish","type":"post","link":"https:\/\/blog.ovalmedicalcentre.co.uk\/pt-br\/quais-sao-as-doencas-mentais-mais-comuns\/","title":{"rendered":"Quais s\u00e3o as doen\u00e7as mentais mais comuns?"},"content":{"rendered":"\t\t<div data-elementor-type=\"wp-post\" data-elementor-id=\"13621\" class=\"elementor elementor-13621\">\n\t\t\t\t\t\t<section class=\"elementor-section elementor-top-section elementor-element elementor-element-66d8889b blog-single-page-text-wrap elementor-section-boxed elementor-section-height-default elementor-section-height-default\" data-id=\"66d8889b\" data-element_type=\"section\">\n\t\t\t\t\t\t<div class=\"elementor-container elementor-column-gap-default\">\n\t\t\t\t\t<div class=\"elementor-column elementor-col-100 elementor-top-column elementor-element elementor-element-41cc6cda\" data-id=\"41cc6cda\" data-element_type=\"column\">\n\t\t\t<div class=\"elementor-widget-wrap elementor-element-populated\">\n\t\t\t\t\t\t<div class=\"elementor-element elementor-element-5b5fb1a7 mg-top-40 elementor-widget elementor-widget-text-editor\" data-id=\"5b5fb1a7\" data-element_type=\"widget\" data-widget_type=\"text-editor.default\">\n\t\t\t\t<div class=\"elementor-widget-container\">\n\t\t\t\t\t\t\t<h4>Uma em cada quatro pessoas desenvolve problemas de sa\u00fade mental durante a vida. Tornando importante compreender os sinais, sintomas e medidas a tomar para obter ajuda.<\/h4><p>H\u00e1 uma compreens\u00e3o crescente de como os problemas de sa\u00fade mental s\u00e3o comuns e da import\u00e2ncia de quebrar as barreiras e preconceitos ao tratamento.<\/p><p>Particularmente p\u00f3s-pandemia, o impacto do COVID-19 foi emocional e psicol\u00f3gico. Incluindo potencial PTSD (Post Traumatic Stress Disease\/ Transtorno de Stress P\u00f3s-Traum\u00e1tico) entre profissionais de sa\u00fade, e depress\u00e3o para pessoas que se isolaram por longos per\u00edodos. Al\u00e9m disso, a instabilidade financeira pode tamb\u00e9m afetar a sa\u00fade mental.<\/p><h3>Liga\u00e7\u00f5es entre sa\u00fade mental e f\u00edsica<\/h3><p>Lidar com problemas de sa\u00fade mental n\u00e3o \u00e9 simplesmente uma quest\u00e3o de lidar com desequil\u00edbrios emocionais e psicol\u00f3gicos. Sua sa\u00fade mental desempenha um papel em sua condi\u00e7\u00e3o f\u00edsica, at\u00e9 porque alguns problemas podem levar a comportamentos de risco ou neglig\u00eancia com sua sa\u00fade.<\/p><p>\u00c9 por isso que a Organiza\u00e7\u00e3o Mundial da Sa\u00fade (OMS) classifica a sa\u00fade mental como uma das principais causas de doen\u00e7as em todo o mundo.<\/p><p>Al\u00e9m disso, pessoas com problemas m\u00e9dicos de longo prazo ou dores cr\u00f4nicas podem ser mais vulner\u00e1veis \u200b\u200ba problemas de sa\u00fade mental.<\/p><h3>Adolescentes e crian\u00e7as<\/h3><p>Problemas de sa\u00fade mental tamb\u00e9m podem afetar um n\u00famero assustadoramente grande de menores de 18 anos. Infelizmente, acredita-se que 70% das crian\u00e7as e adolescentes nessa situa\u00e7\u00e3o n\u00e3o recebem a interven\u00e7\u00e3o de que precisam com a rapidez necess\u00e1ria.<\/p><h3>Factores Desencadeantes\/Causas<\/h3><p>Nem sempre \u00e9 poss\u00edvel identificar as causas dos problemas de sa\u00fade mental.<\/p><p>O estresse relacionado ao trabalho tem sido comumente discutido nas manchetes da m\u00eddia, assim como o impacto do isolamento social (antes e durante a pandemia).<\/p><p>Um estudo de 2006 classificou cinco fatores que afetam a sa\u00fade emocional e psicol\u00f3gica:<\/p><ul><li>Hist\u00f3ria familiar de problemas de sa\u00fade mental.<\/li><li>Complica\u00e7\u00f5es durante a gravidez ou parto.<\/li><li>Hist\u00f3ria pessoal de les\u00e3o cerebral traum\u00e1tica.<\/li><li>Condi\u00e7\u00e3o m\u00e9dica cr\u00f4nica, como c\u00e2ncer ou diabetes, especialmente hipotireoidismo ou outras doen\u00e7as relacionadas ao c\u00e9rebro, como Alzheimer ou Parkinson.<\/li><li>Uso de \u00e1lcool ou drogas.<\/li><\/ul><p>No entanto, pode ser in\u00fatil perguntar a si mesmo ou a um ente querido &#8216;Por qu\u00ea?&#8217; \u00c9 melhor simplesmente aceitar que h\u00e1 um problema e buscar a ajuda adequada.<\/p><h3>Os principais tipos de problemas de sa\u00fade mental<\/h3><p>Cada pessoa tem seus pr\u00f3prios desafios e n\u00edveis de ang\u00fastia.<\/p><p>No entanto, o Instituto Nacional de Excel\u00eancia em Sa\u00fade e Cuidados (NICE) lista os problemas de sa\u00fade mental mais comuns como:\u00a0<\/p><ul><li>Depress\u00e3o,<\/li><li>Transtorno De Ansiedade Generalizada,<\/li><li>Transtorno De Ansiedade Social,<\/li><li>Transtorno Do P\u00e2nico,<\/li><li>Transtorno Obsessivo-Compulsivo (TOC)<\/li><li>Transtorno De Estresse P\u00f3s-Traum\u00e1tico (PTSD)<\/li><\/ul><p>\u00c0s vezes, as pessoas apresentam sinais claros de ansiedade, fobias e depress\u00e3o. Em outros casos, os sintomas s\u00e3o mais dif\u00edceis de definir. Pode incluir ins\u00f4nia persistente ou dormir muito, falta de energia, falta de confian\u00e7a, maus relacionamentos, altera\u00e7\u00f5es de humor, agress\u00e3o e depend\u00eancia de automedica\u00e7\u00e3o ou \u00e1lcool.<\/p><h3>Tratamento para problemas de sa\u00fade mental<\/h3><p>N\u00e3o existem solu\u00e7\u00f5es r\u00e1pidas para tratar problemas de sa\u00fade mental.<\/p><p>No entanto, buscar a ajuda de um m\u00e9dico \u00e9 um primeiro passo vital, criando apoio profissional e emp\u00e1tico. Quaisquer problemas f\u00edsicos de interconex\u00e3o podem ser tratados, garantindo que n\u00e3o piorem.<\/p><p>O tratamento de problemas de sa\u00fade mental geralmente envolve terapias de fala e outras maneiras de criar maior resili\u00eancia e equil\u00edbrio emocional.<\/p><h3>Conversando com um cl\u00ednico geral sobre sa\u00fade mental<\/h3><p>Um dos maiores obst\u00e1culos pode ser o equ\u00edvoco de que sentir-se ansioso ou deprimido n\u00e3o \u00e9 algo em que os m\u00e9dicos estejam interessados. As pessoas se sentem culpadas por &#8220;desperdi\u00e7ar&#8221; o tempo de um m\u00e9dico, falando sobre o qu\u00e3o baixo, negativo, irritado ou angustiado eles se sentem.<\/p><p>Os m\u00e9dicos na Oval Medical Centre est\u00e3o sempre dispostos a discutir o bem-estar emocional. Eles entendem perfeitamente a import\u00e2ncia de uma discuss\u00e3o honesta, em um ambiente confidencial e sem julgamentos.<\/p>\t\t\t\t\t\t<\/div>\n\t\t\t\t<\/div>\n\t\t\t\t\t<\/div>\n\t\t<\/div>\n\t\t\t\t\t<\/div>\n\t\t<\/section>\n\t\t\t\t<\/div>\n\t\t","protected":false},"excerpt":{"rendered":"<p>Uma em cada quatro pessoas desenvolve problemas de sa\u00fade mental durante a vida. Tornando importante compreender os sinais, sintomas e medidas a tomar&#8230;<\/p>\n","protected":false},"author":1,"featured_media":13804,"comment_status":"closed","ping_status":"closed","sticky":false,"template":"","format":"standard","meta":{"footnotes":""},"categories":[164,175],"tags":[],"class_list":["post-13621","post","type-post","status-publish","format-standard","has-post-thumbnail","hentry","category-mental-health","category-saude-mental"],"yoast_head":"<!-- This site is optimized with the Yoast SEO plugin v22.8 - https:\/\/yoast.com\/wordpress\/plugins\/seo\/ -->\n<title>Quais s\u00e3o as doen\u00e7as mentais mais comuns?<\/title>\n<meta name=\"robots\" content=\"index, follow, max-snippet:-1, max-image-preview:large, max-video-preview:-1\" \/>\n<link rel=\"canonical\" href=\"https:\/\/blog.ovalmedicalcentre.co.uk\/pt-br\/quais-sao-as-doencas-mentais-mais-comuns\/\" \/>\n<meta property=\"og:locale\" content=\"pt_BR\" \/>\n<meta property=\"og:type\" content=\"article\" \/>\n<meta property=\"og:title\" content=\"Quais s\u00e3o as doen\u00e7as mentais mais comuns?\" \/>\n<meta property=\"og:description\" content=\"Uma em cada quatro pessoas desenvolve problemas de sa\u00fade mental durante a vida. Tornando importante compreender os sinais, sintomas e medidas a tomar...\" \/>\n<meta property=\"og:url\" content=\"https:\/\/blog.ovalmedicalcentre.co.uk\/pt-br\/quais-sao-as-doencas-mentais-mais-comuns\/\" \/>\n<meta property=\"og:site_name\" content=\"Oval Medical Centre Blog\" \/>\n<meta property=\"article:published_time\" content=\"2021-05-04T12:54:31+00:00\" \/>\n<meta property=\"article:modified_time\" content=\"2021-06-15T14:33:27+00:00\" \/>\n<meta property=\"og:image\" content=\"https:\/\/blog.ovalmedicalcentre.co.uk\/wp-content\/uploads\/2021\/05\/Mental-Health-1.jpg\" \/>\n\t<meta property=\"og:image:width\" content=\"1080\" \/>\n\t<meta property=\"og:image:height\" content=\"608\" \/>\n\t<meta property=\"og:image:type\" content=\"image\/jpeg\" \/>\n<meta name=\"author\" content=\"Oval Medical Centre\" \/>\n<meta name=\"twitter:card\" content=\"summary_large_image\" \/>\n<meta name=\"twitter:label1\" content=\"Escrito por\" \/>\n\t<meta name=\"twitter:data1\" content=\"Oval Medical Centre\" \/>\n\t<meta name=\"twitter:label2\" content=\"Est. tempo de leitura\" \/>\n\t<meta name=\"twitter:data2\" content=\"3 minutos\" \/>\n<script type=\"application\/ld+json\" class=\"yoast-schema-graph\">{\"@context\":\"https:\/\/schema.org\",\"@graph\":[{\"@type\":\"Article\",\"@id\":\"https:\/\/blog.ovalmedicalcentre.co.uk\/pt-br\/quais-sao-as-doencas-mentais-mais-comuns\/#article\",\"isPartOf\":{\"@id\":\"https:\/\/blog.ovalmedicalcentre.co.uk\/pt-br\/quais-sao-as-doencas-mentais-mais-comuns\/\"},\"author\":{\"name\":\"Oval Medical Centre\",\"@id\":\"https:\/\/blog.ovalmedicalcentre.co.uk\/#\/schema\/person\/f07141781304ca8633eb76959ecef899\"},\"headline\":\"Quais s\u00e3o as doen\u00e7as mentais mais comuns?\",\"datePublished\":\"2021-05-04T12:54:31+00:00\",\"dateModified\":\"2021-06-15T14:33:27+00:00\",\"mainEntityOfPage\":{\"@id\":\"https:\/\/blog.ovalmedicalcentre.co.uk\/pt-br\/quais-sao-as-doencas-mentais-mais-comuns\/\"},\"wordCount\":727,\"publisher\":{\"@id\":\"https:\/\/blog.ovalmedicalcentre.co.uk\/#organization\"},\"image\":{\"@id\":\"https:\/\/blog.ovalmedicalcentre.co.uk\/pt-br\/quais-sao-as-doencas-mentais-mais-comuns\/#primaryimage\"},\"thumbnailUrl\":\"https:\/\/blog.ovalmedicalcentre.co.uk\/wp-content\/uploads\/2021\/05\/Mental-Health-1.jpg\",\"articleSection\":[\"Mental Health\",\"Sa\u00fade Mental\"],\"inLanguage\":\"pt-BR\"},{\"@type\":\"WebPage\",\"@id\":\"https:\/\/blog.ovalmedicalcentre.co.uk\/pt-br\/quais-sao-as-doencas-mentais-mais-comuns\/\",\"url\":\"https:\/\/blog.ovalmedicalcentre.co.uk\/pt-br\/quais-sao-as-doencas-mentais-mais-comuns\/\",\"name\":\"Quais s\u00e3o as doen\u00e7as mentais mais comuns?\",\"isPartOf\":{\"@id\":\"https:\/\/blog.ovalmedicalcentre.co.uk\/#website\"},\"primaryImageOfPage\":{\"@id\":\"https:\/\/blog.ovalmedicalcentre.co.uk\/pt-br\/quais-sao-as-doencas-mentais-mais-comuns\/#primaryimage\"},\"image\":{\"@id\":\"https:\/\/blog.ovalmedicalcentre.co.uk\/pt-br\/quais-sao-as-doencas-mentais-mais-comuns\/#primaryimage\"},\"thumbnailUrl\":\"https:\/\/blog.ovalmedicalcentre.co.uk\/wp-content\/uploads\/2021\/05\/Mental-Health-1.jpg\",\"datePublished\":\"2021-05-04T12:54:31+00:00\",\"dateModified\":\"2021-06-15T14:33:27+00:00\",\"breadcrumb\":{\"@id\":\"https:\/\/blog.ovalmedicalcentre.co.uk\/pt-br\/quais-sao-as-doencas-mentais-mais-comuns\/#breadcrumb\"},\"inLanguage\":\"pt-BR\",\"potentialAction\":[{\"@type\":\"ReadAction\",\"target\":[\"https:\/\/blog.ovalmedicalcentre.co.uk\/pt-br\/quais-sao-as-doencas-mentais-mais-comuns\/\"]}]},{\"@type\":\"ImageObject\",\"inLanguage\":\"pt-BR\",\"@id\":\"https:\/\/blog.ovalmedicalcentre.co.uk\/pt-br\/quais-sao-as-doencas-mentais-mais-comuns\/#primaryimage\",\"url\":\"https:\/\/blog.ovalmedicalcentre.co.uk\/wp-content\/uploads\/2021\/05\/Mental-Health-1.jpg\",\"contentUrl\":\"https:\/\/blog.ovalmedicalcentre.co.uk\/wp-content\/uploads\/2021\/05\/Mental-Health-1.jpg\",\"width\":1080,\"height\":608,\"caption\":\"Figures representation of two doctors looking a brain\"},{\"@type\":\"BreadcrumbList\",\"@id\":\"https:\/\/blog.ovalmedicalcentre.co.uk\/pt-br\/quais-sao-as-doencas-mentais-mais-comuns\/#breadcrumb\",\"itemListElement\":[{\"@type\":\"ListItem\",\"position\":1,\"name\":\"Home\",\"item\":\"https:\/\/blog.ovalmedicalcentre.co.uk\/es\/\"},{\"@type\":\"ListItem\",\"position\":2,\"name\":\"Quais s\u00e3o as doen\u00e7as mentais mais comuns?\"}]},{\"@type\":\"WebSite\",\"@id\":\"https:\/\/blog.ovalmedicalcentre.co.uk\/#website\",\"url\":\"https:\/\/blog.ovalmedicalcentre.co.uk\/\",\"name\":\"Oval Medical Centre Blog\",\"description\":\"\",\"publisher\":{\"@id\":\"https:\/\/blog.ovalmedicalcentre.co.uk\/#organization\"},\"potentialAction\":[{\"@type\":\"SearchAction\",\"target\":{\"@type\":\"EntryPoint\",\"urlTemplate\":\"https:\/\/blog.ovalmedicalcentre.co.uk\/?s={search_term_string}\"},\"query-input\":\"required name=search_term_string\"}],\"inLanguage\":\"pt-BR\"},{\"@type\":\"Organization\",\"@id\":\"https:\/\/blog.ovalmedicalcentre.co.uk\/#organization\",\"name\":\"Oval Medical Centre\",\"url\":\"https:\/\/blog.ovalmedicalcentre.co.uk\/\",\"logo\":{\"@type\":\"ImageObject\",\"inLanguage\":\"pt-BR\",\"@id\":\"https:\/\/blog.ovalmedicalcentre.co.uk\/#\/schema\/logo\/image\/\",\"url\":\"https:\/\/blog.ovalmedicalcentre.co.uk\/wp-content\/uploads\/2021\/05\/Oval-Medical-Centre-Blog2.png\",\"contentUrl\":\"https:\/\/blog.ovalmedicalcentre.co.uk\/wp-content\/uploads\/2021\/05\/Oval-Medical-Centre-Blog2.png\",\"width\":425,\"height\":71,\"caption\":\"Oval Medical Centre\"},\"image\":{\"@id\":\"https:\/\/blog.ovalmedicalcentre.co.uk\/#\/schema\/logo\/image\/\"}},{\"@type\":\"Person\",\"@id\":\"https:\/\/blog.ovalmedicalcentre.co.uk\/#\/schema\/person\/f07141781304ca8633eb76959ecef899\",\"name\":\"Oval Medical Centre\",\"url\":\"https:\/\/blog.ovalmedicalcentre.co.uk\/pt-br\/author\/andre\/\"}]}<\/script>\n<!-- \/ Yoast SEO plugin. -->","yoast_head_json":{"title":"Quais s\u00e3o as doen\u00e7as mentais mais comuns?","robots":{"index":"index","follow":"follow","max-snippet":"max-snippet:-1","max-image-preview":"max-image-preview:large","max-video-preview":"max-video-preview:-1"},"canonical":"https:\/\/blog.ovalmedicalcentre.co.uk\/pt-br\/quais-sao-as-doencas-mentais-mais-comuns\/","og_locale":"pt_BR","og_type":"article","og_title":"Quais s\u00e3o as doen\u00e7as mentais mais comuns?","og_description":"Uma em cada quatro pessoas desenvolve problemas de sa\u00fade mental durante a vida. Tornando importante compreender os sinais, sintomas e medidas a tomar...","og_url":"https:\/\/blog.ovalmedicalcentre.co.uk\/pt-br\/quais-sao-as-doencas-mentais-mais-comuns\/","og_site_name":"Oval Medical Centre Blog","article_published_time":"2021-05-04T12:54:31+00:00","article_modified_time":"2021-06-15T14:33:27+00:00","og_image":[{"width":1080,"height":608,"url":"https:\/\/blog.ovalmedicalcentre.co.uk\/wp-content\/uploads\/2021\/05\/Mental-Health-1.jpg","type":"image\/jpeg"}],"author":"Oval Medical Centre","twitter_card":"summary_large_image","twitter_misc":{"Escrito por":"Oval Medical Centre","Est. tempo de leitura":"3 minutos"},"schema":{"@context":"https:\/\/schema.org","@graph":[{"@type":"Article","@id":"https:\/\/blog.ovalmedicalcentre.co.uk\/pt-br\/quais-sao-as-doencas-mentais-mais-comuns\/#article","isPartOf":{"@id":"https:\/\/blog.ovalmedicalcentre.co.uk\/pt-br\/quais-sao-as-doencas-mentais-mais-comuns\/"},"author":{"name":"Oval Medical Centre","@id":"https:\/\/blog.ovalmedicalcentre.co.uk\/#\/schema\/person\/f07141781304ca8633eb76959ecef899"},"headline":"Quais s\u00e3o as doen\u00e7as mentais mais comuns?","datePublished":"2021-05-04T12:54:31+00:00","dateModified":"2021-06-15T14:33:27+00:00","mainEntityOfPage":{"@id":"https:\/\/blog.ovalmedicalcentre.co.uk\/pt-br\/quais-sao-as-doencas-mentais-mais-comuns\/"},"wordCount":727,"publisher":{"@id":"https:\/\/blog.ovalmedicalcentre.co.uk\/#organization"},"image":{"@id":"https:\/\/blog.ovalmedicalcentre.co.uk\/pt-br\/quais-sao-as-doencas-mentais-mais-comuns\/#primaryimage"},"thumbnailUrl":"https:\/\/blog.ovalmedicalcentre.co.uk\/wp-content\/uploads\/2021\/05\/Mental-Health-1.jpg","articleSection":["Mental Health","Sa\u00fade Mental"],"inLanguage":"pt-BR"},{"@type":"WebPage","@id":"https:\/\/blog.ovalmedicalcentre.co.uk\/pt-br\/quais-sao-as-doencas-mentais-mais-comuns\/","url":"https:\/\/blog.ovalmedicalcentre.co.uk\/pt-br\/quais-sao-as-doencas-mentais-mais-comuns\/","name":"Quais s\u00e3o as doen\u00e7as mentais mais comuns?","isPartOf":{"@id":"https:\/\/blog.ovalmedicalcentre.co.uk\/#website"},"primaryImageOfPage":{"@id":"https:\/\/blog.ovalmedicalcentre.co.uk\/pt-br\/quais-sao-as-doencas-mentais-mais-comuns\/#primaryimage"},"image":{"@id":"https:\/\/blog.ovalmedicalcentre.co.uk\/pt-br\/quais-sao-as-doencas-mentais-mais-comuns\/#primaryimage"},"thumbnailUrl":"https:\/\/blog.ovalmedicalcentre.co.uk\/wp-content\/uploads\/2021\/05\/Mental-Health-1.jpg","datePublished":"2021-05-04T12:54:31+00:00","dateModified":"2021-06-15T14:33:27+00:00","breadcrumb":{"@id":"https:\/\/blog.ovalmedicalcentre.co.uk\/pt-br\/quais-sao-as-doencas-mentais-mais-comuns\/#breadcrumb"},"inLanguage":"pt-BR","potentialAction":[{"@type":"ReadAction","target":["https:\/\/blog.ovalmedicalcentre.co.uk\/pt-br\/quais-sao-as-doencas-mentais-mais-comuns\/"]}]},{"@type":"ImageObject","inLanguage":"pt-BR","@id":"https:\/\/blog.ovalmedicalcentre.co.uk\/pt-br\/quais-sao-as-doencas-mentais-mais-comuns\/#primaryimage","url":"https:\/\/blog.ovalmedicalcentre.co.uk\/wp-content\/uploads\/2021\/05\/Mental-Health-1.jpg","contentUrl":"https:\/\/blog.ovalmedicalcentre.co.uk\/wp-content\/uploads\/2021\/05\/Mental-Health-1.jpg","width":1080,"height":608,"caption":"Figures representation of two doctors looking a brain"},{"@type":"BreadcrumbList","@id":"https:\/\/blog.ovalmedicalcentre.co.uk\/pt-br\/quais-sao-as-doencas-mentais-mais-comuns\/#breadcrumb","itemListElement":[{"@type":"ListItem","position":1,"name":"Home","item":"https:\/\/blog.ovalmedicalcentre.co.uk\/es\/"},{"@type":"ListItem","position":2,"name":"Quais s\u00e3o as doen\u00e7as mentais mais comuns?"}]},{"@type":"WebSite","@id":"https:\/\/blog.ovalmedicalcentre.co.uk\/#website","url":"https:\/\/blog.ovalmedicalcentre.co.uk\/","name":"Oval Medical Centre Blog","description":"","publisher":{"@id":"https:\/\/blog.ovalmedicalcentre.co.uk\/#organization"},"potentialAction":[{"@type":"SearchAction","target":{"@type":"EntryPoint","urlTemplate":"https:\/\/blog.ovalmedicalcentre.co.uk\/?s={search_term_string}"},"query-input":"required name=search_term_string"}],"inLanguage":"pt-BR"},{"@type":"Organization","@id":"https:\/\/blog.ovalmedicalcentre.co.uk\/#organization","name":"Oval Medical Centre","url":"https:\/\/blog.ovalmedicalcentre.co.uk\/","logo":{"@type":"ImageObject","inLanguage":"pt-BR","@id":"https:\/\/blog.ovalmedicalcentre.co.uk\/#\/schema\/logo\/image\/","url":"https:\/\/blog.ovalmedicalcentre.co.uk\/wp-content\/uploads\/2021\/05\/Oval-Medical-Centre-Blog2.png","contentUrl":"https:\/\/blog.ovalmedicalcentre.co.uk\/wp-content\/uploads\/2021\/05\/Oval-Medical-Centre-Blog2.png","width":425,"height":71,"caption":"Oval Medical Centre"},"image":{"@id":"https:\/\/blog.ovalmedicalcentre.co.uk\/#\/schema\/logo\/image\/"}},{"@type":"Person","@id":"https:\/\/blog.ovalmedicalcentre.co.uk\/#\/schema\/person\/f07141781304ca8633eb76959ecef899","name":"Oval Medical Centre","url":"https:\/\/blog.ovalmedicalcentre.co.uk\/pt-br\/author\/andre\/"}]}},"amp_enabled":true,"_links":{"self":[{"href":"https:\/\/blog.ovalmedicalcentre.co.uk\/pt-br\/wp-json\/wp\/v2\/posts\/13621","targetHints":{"allow":["GET"]}}],"collection":[{"href":"https:\/\/blog.ovalmedicalcentre.co.uk\/pt-br\/wp-json\/wp\/v2\/posts"}],"about":[{"href":"https:\/\/blog.ovalmedicalcentre.co.uk\/pt-br\/wp-json\/wp\/v2\/types\/post"}],"author":[{"embeddable":true,"href":"https:\/\/blog.ovalmedicalcentre.co.uk\/pt-br\/wp-json\/wp\/v2\/users\/1"}],"replies":[{"embeddable":true,"href":"https:\/\/blog.ovalmedicalcentre.co.uk\/pt-br\/wp-json\/wp\/v2\/comments?post=13621"}],"version-history":[{"count":21,"href":"https:\/\/blog.ovalmedicalcentre.co.uk\/pt-br\/wp-json\/wp\/v2\/posts\/13621\/revisions"}],"predecessor-version":[{"id":14574,"href":"https:\/\/blog.ovalmedicalcentre.co.uk\/pt-br\/wp-json\/wp\/v2\/posts\/13621\/revisions\/14574"}],"wp:featuredmedia":[{"embeddable":true,"href":"https:\/\/blog.ovalmedicalcentre.co.uk\/pt-br\/wp-json\/wp\/v2\/media\/13804"}],"wp:attachment":[{"href":"https:\/\/blog.ovalmedicalcentre.co.uk\/pt-br\/wp-json\/wp\/v2\/media?parent=13621"}],"wp:term":[{"taxonomy":"category","embeddable":true,"href":"https:\/\/blog.ovalmedicalcentre.co.uk\/pt-br\/wp-json\/wp\/v2\/categories?post=13621"},{"taxonomy":"post_tag","embeddable":true,"href":"https:\/\/blog.ovalmedicalcentre.co.uk\/pt-br\/wp-json\/wp\/v2\/tags?post=13621"}],"curies":[{"name":"wp","href":"https:\/\/api.w.org\/{rel}","templated":true}]}}